{"id":794,"date":"2025-12-22T10:28:41","date_gmt":"2025-12-22T10:28:41","guid":{"rendered":"https:\/\/paravolei.fpvoleibol.pt\/wp\/?p=794"},"modified":"2026-01-05T10:29:02","modified_gmt":"2026-01-05T10:29:02","slug":"i-encontro-nacional-de-involei-2","status":"publish","type":"post","link":"https:\/\/paravolei.fpvoleibol.pt\/wp\/i-encontro-nacional-de-involei-2\/","title":{"rendered":"I ENCONTRO NACIONAL DE INVOLEI"},"content":{"rendered":"<p><img loading=\"lazy\" decoding=\"async\" class=\"alignnone size-medium wp-image-803\" src=\"https:\/\/paravolei.fpvoleibol.pt\/wp\/wp-content\/uploads\/2026\/01\/Ricardo_Rego_ENiV-300x200.jpg\" alt=\"\" width=\"300\" height=\"200\" srcset=\"https:\/\/paravolei.fpvoleibol.pt\/wp\/wp-content\/uploads\/2026\/01\/Ricardo_Rego_ENiV-300x200.jpg 300w, https:\/\/paravolei.fpvoleibol.pt\/wp\/wp-content\/uploads\/2026\/01\/Ricardo_Rego_ENiV-768x512.jpg 768w, https:\/\/paravolei.fpvoleibol.pt\/wp\/wp-content\/uploads\/2026\/01\/Ricardo_Rego_ENiV.jpg 960w\" sizes=\"auto, (max-width: 300px) 100vw, 300px\" \/> <img loading=\"lazy\" decoding=\"async\" class=\"alignnone size-medium wp-image-802\" src=\"https:\/\/paravolei.fpvoleibol.pt\/wp\/wp-content\/uploads\/2026\/01\/ENiV_d_pq-300x200.jpg\" alt=\"\" width=\"300\" height=\"200\" srcset=\"https:\/\/paravolei.fpvoleibol.pt\/wp\/wp-content\/uploads\/2026\/01\/ENiV_d_pq-300x200.jpg 300w, https:\/\/paravolei.fpvoleibol.pt\/wp\/wp-content\/uploads\/2026\/01\/ENiV_d_pq-768x512.jpg 768w, https:\/\/paravolei.fpvoleibol.pt\/wp\/wp-content\/uploads\/2026\/01\/ENiV_d_pq.jpg 960w\" sizes=\"auto, (max-width: 300px) 100vw, 300px\" \/> <img loading=\"lazy\" decoding=\"async\" class=\"alignnone size-medium wp-image-801\" src=\"https:\/\/paravolei.fpvoleibol.pt\/wp\/wp-content\/uploads\/2026\/01\/Pedro_Fornelos_ENiV-300x200.jpg\" alt=\"\" width=\"300\" height=\"200\" srcset=\"https:\/\/paravolei.fpvoleibol.pt\/wp\/wp-content\/uploads\/2026\/01\/Pedro_Fornelos_ENiV-300x200.jpg 300w, https:\/\/paravolei.fpvoleibol.pt\/wp\/wp-content\/uploads\/2026\/01\/Pedro_Fornelos_ENiV-768x512.jpg 768w, https:\/\/paravolei.fpvoleibol.pt\/wp\/wp-content\/uploads\/2026\/01\/Pedro_Fornelos_ENiV.jpg 960w\" sizes=\"auto, (max-width: 300px) 100vw, 300px\" \/> <img loading=\"lazy\" decoding=\"async\" class=\"alignnone size-medium wp-image-800\" src=\"https:\/\/paravolei.fpvoleibol.pt\/wp\/wp-content\/uploads\/2026\/01\/Paulo_Santos_ENiV-300x200.jpg\" alt=\"\" width=\"300\" height=\"200\" srcset=\"https:\/\/paravolei.fpvoleibol.pt\/wp\/wp-content\/uploads\/2026\/01\/Paulo_Santos_ENiV-300x200.jpg 300w, https:\/\/paravolei.fpvoleibol.pt\/wp\/wp-content\/uploads\/2026\/01\/Paulo_Santos_ENiV-768x512.jpg 768w, https:\/\/paravolei.fpvoleibol.pt\/wp\/wp-content\/uploads\/2026\/01\/Paulo_Santos_ENiV.jpg 960w\" sizes=\"auto, (max-width: 300px) 100vw, 300px\" \/> <img loading=\"lazy\" decoding=\"async\" class=\"alignnone size-medium wp-image-799\" src=\"https:\/\/paravolei.fpvoleibol.pt\/wp\/wp-content\/uploads\/2026\/01\/ENiV_d_2-300x200.jpg\" alt=\"\" width=\"300\" height=\"200\" srcset=\"https:\/\/paravolei.fpvoleibol.pt\/wp\/wp-content\/uploads\/2026\/01\/ENiV_d_2-300x200.jpg 300w, https:\/\/paravolei.fpvoleibol.pt\/wp\/wp-content\/uploads\/2026\/01\/ENiV_d_2-768x512.jpg 768w, https:\/\/paravolei.fpvoleibol.pt\/wp\/wp-content\/uploads\/2026\/01\/ENiV_d_2.jpg 960w\" sizes=\"auto, (max-width: 300px) 100vw, 300px\" \/> <img loading=\"lazy\" decoding=\"async\" class=\"alignnone size-medium wp-image-798\" src=\"https:\/\/paravolei.fpvoleibol.pt\/wp\/wp-content\/uploads\/2026\/01\/Leonel_Salgueiro_ENiV-300x200.jpg\" alt=\"\" width=\"300\" height=\"200\" srcset=\"https:\/\/paravolei.fpvoleibol.pt\/wp\/wp-content\/uploads\/2026\/01\/Leonel_Salgueiro_ENiV-300x200.jpg 300w, https:\/\/paravolei.fpvoleibol.pt\/wp\/wp-content\/uploads\/2026\/01\/Leonel_Salgueiro_ENiV-768x512.jpg 768w, https:\/\/paravolei.fpvoleibol.pt\/wp\/wp-content\/uploads\/2026\/01\/Leonel_Salgueiro_ENiV.jpg 960w\" sizes=\"auto, (max-width: 300px) 100vw, 300px\" \/> <img loading=\"lazy\" decoding=\"async\" class=\"alignnone size-medium wp-image-797\" src=\"https:\/\/paravolei.fpvoleibol.pt\/wp\/wp-content\/uploads\/2026\/01\/ENiV_d_3-300x200.jpg\" alt=\"\" width=\"300\" height=\"200\" srcset=\"https:\/\/paravolei.fpvoleibol.pt\/wp\/wp-content\/uploads\/2026\/01\/ENiV_d_3-300x200.jpg 300w, https:\/\/paravolei.fpvoleibol.pt\/wp\/wp-content\/uploads\/2026\/01\/ENiV_d_3-768x512.jpg 768w, https:\/\/paravolei.fpvoleibol.pt\/wp\/wp-content\/uploads\/2026\/01\/ENiV_d_3.jpg 960w\" sizes=\"auto, (max-width: 300px) 100vw, 300px\" \/> <img loading=\"lazy\" decoding=\"async\" class=\"alignnone size-medium wp-image-795\" src=\"https:\/\/paravolei.fpvoleibol.pt\/wp\/wp-content\/uploads\/2026\/01\/convivio_ENiV-300x200.jpg\" alt=\"\" width=\"300\" height=\"200\" srcset=\"https:\/\/paravolei.fpvoleibol.pt\/wp\/wp-content\/uploads\/2026\/01\/convivio_ENiV-300x200.jpg 300w, https:\/\/paravolei.fpvoleibol.pt\/wp\/wp-content\/uploads\/2026\/01\/convivio_ENiV-768x512.jpg 768w, https:\/\/paravolei.fpvoleibol.pt\/wp\/wp-content\/uploads\/2026\/01\/convivio_ENiV.jpg 960w\" sizes=\"auto, (max-width: 300px) 100vw, 300px\" \/><\/p>\n<p>Viana do Castelo foi o palco de um momento hist\u00f3rico para o desporto adaptado nacional com a realiza\u00e7\u00e3o do <strong>I Encontro Nacional de InVolei<\/strong>. O evento, que decorreu no Centro Cultural da cidade, sob a \u00e9gide da Federa\u00e7\u00e3o Portuguesa de Voleibol (FPV), reuniu mais de seis dezenas de participantes e marcou o in\u00edcio de uma nova era para a inclus\u00e3o atrav\u00e9s do desporto, unindo delega\u00e7\u00f5es da APPACDM de Viana do Castelo e da APPACDM da Trofa.<\/p>\n<p>O crescimento exponencial da modalidade \u00e9 um dos dados mais impressionantes deste projecto. Em apenas alguns meses, o n\u00famero de praticantes disparou gra\u00e7as \u00e0 flexibilidade das regras.<br \/>\n<strong class=\"\">Pedro Fornelos<\/strong>, Secret\u00e1rio da Dire\u00e7\u00e3o da APPACDM de Viana do Castelo, explicou que as pequenas adapta\u00e7\u00f5es permitiram aumentar a participa\u00e7\u00e3o de forma dr\u00e1stica:\u00a0<em>\u201cN\u00f3s, com isso, conseguimos abrir muito o leque de participantes. Em vez de termos s\u00f3 2, 3, 4, 5 atletas que conseguissem praticar o Voleibol regular, pass\u00e1mos a ter um grupo de 50, que j\u00e1 conseguem praticar, e hoje vimos aqui assim neste evento, mais ou menos 60 pessoas em jogo\u201d<\/em>.<\/p>\n<p class=\"\">Para o munic\u00edpio anfitri\u00e3o, o evento refor\u00e7a o compromisso com a promo\u00e7\u00e3o da sa\u00fade e a vitalidade associativa.<br \/>\n<strong>Ricardo Rego<\/strong>, Vereador do Desporto de Viana do Castelo, sublinhou o impacto social da iniciativa:\u00a0<em>\u201c\u00c9 extremamente importante para o munic\u00edpio receber este tipo de eventos que promovem o desporto adaptado, at\u00e9 porque temos aqui uma s\u00e9rie de val\u00eancias dedicadas \u00e0s pessoas com defici\u00eancia e, de alguma forma, traz\u00ea-las para o desporto e faz\u00ea-las incluir no desporto \u00e9 extremamente importante. O desporto \u00e9 para todos e deve estar com todos\u201d<\/em>.<\/p>\n<p class=\"\">A Federa\u00e7\u00e3o Portuguesa de Voleibol v\u00ea no InVolei uma solu\u00e7\u00e3o para lacunas antigas no desporto adaptado.<br \/>\n<strong>Leonel Salgueiro<\/strong>, Director T\u00e9cnico Nacional, destacou a import\u00e2ncia de olhar para al\u00e9m do rendimento paral\u00edmpico tradicional:\u00a0<em>\u201cO inVolei est\u00e1 numa fase de in\u00edcio e, portanto, estamos a promov\u00ea-lo e a divulg\u00e1-lo. O primeiro objectivo \u00e9 massific\u00e1-lo, para de alguma forma dar oportunidade a todas as pessoas que s\u00e3o portadoras de defici\u00eancia intelectual. Pelo que todos puderam ver aqui, os atletas de InVolei conseguem jogar, conseguem-se divertir e isso \u00e9 que \u00e9 o mais importante, pois o Voleibol n\u00e3o \u00e9 s\u00f3 competi\u00e7\u00e3o\u201d<\/em>.<br \/>\nO respons\u00e1vel acrescentou ainda que, ap\u00f3s dificuldades em implementar o Voleibol Sentado por falta de praticantes, o InVolei est\u00e1 a ser levado\u00a0<em>a bom porto<\/em>.<\/p>\n<p>No campo, a evolu\u00e7\u00e3o t\u00e9cnica e emocional dos atletas foi not\u00f3ria.<br \/>\n<strong class=\"\">Paulo Santos<\/strong>, terapeuta e um dos respons\u00e1veis pela adapta\u00e7\u00e3o das regras, recordou o in\u00edcio do percurso:\u00a0<em>\u201cNo in\u00edcio, eles viam no InVolei um desafio complicado, porque o Voleibol \u00e9 muito espec\u00edfico. Com estas adapta\u00e7\u00f5es, foi poss\u00edvel eles jogarem. Prepar\u00e1mos bem a modalidade e agora eles tiveram uma evolu\u00e7\u00e3o enorme e s\u00e3o extremamente competitivos\u201d<\/em>.<br \/>\nO t\u00e9cnico refor\u00e7ou que a modalidade permite que, apesar das diferentes limita\u00e7\u00f5es, os atletas consigam interagir e formar equipas s\u00f3lidas.<\/p>\n<p class=\"\">A experi\u00eancia foi vivida intensamente pelos protagonistas. Os <strong>atletas Jo\u00e3o Fernandes\u00a0<\/strong>e<strong>\u00a0Rui Leit\u00e3o<\/strong>\u00a0mostraram-se radiantes com a oportunidade:\u00a0<em>\u201cO melhor do dia de hoje foi podermos jogar Voleibol. E o conv\u00edvio de todas as equipas. Estas actividades s\u00e3o muito importantes j\u00e1 que podemos jogar mais e faz\u00ea-lo juntos numa equipa, pois gostamos muito de jogar em equipa\u201d<\/em>.<\/p>\n<p>O InVolei afirma-se assim como uma ferramenta vital de integra\u00e7\u00e3o, cultivando valores c\u00edvicos e aumentando a qualidade de vida. Com a FPV a planear o alargamento do projeto em 2025 atrav\u00e9s de encontros locais e regionais, o futuro da modalidade parece garantido.<\/p>\n<p>Leonel Salgueiro alertou para o facto de \u201c<em>o desporto adaptado em Portugal ser visto muitas das vezes numa perspectiva muito de rendimento, daquilo que s\u00e3o as modalidades paraol\u00edmpicas, mas esquecem-se um bocado das outras pessoas que n\u00e3o conseguem jog\u00e1-lo<\/em>\u201d. Assim, e como concluiu Pedro Fornelos, o I Encontro Nacional de InVolei acaba por se tornar um marco de supera\u00e7\u00e3o:<br \/>\n<em>\u201cViu-se equipas que n\u00e3o venceram a festejar com as equipas que venceram. Portanto, todos estiveram muito contentes porque todos sentiram que est\u00e3o a competir, est\u00e3o em prova, e no final todos levaram medalhas\u201d<\/em>.<\/p>\n<p class=\"\"><img loading=\"lazy\" decoding=\"async\" class=\"size-full wp-image-44647 aligncenter tc-smart-loaded\" src=\"https:\/\/fpvoleibol.pt\/fpv\/wp-content\/uploads\/2025\/12\/ENiV_d_2.jpg\" sizes=\"auto, (max-width: 960px) 100vw, 960px\" srcset=\"https:\/\/fpvoleibol.pt\/fpv\/wp-content\/uploads\/2025\/12\/ENiV_d_2.jpg 960w, https:\/\/fpvoleibol.pt\/fpv\/wp-content\/uploads\/2025\/12\/ENiV_d_2-300x200.jpg 300w, https:\/\/fpvoleibol.pt\/fpv\/wp-content\/uploads\/2025\/12\/ENiV_d_2-768x512.jpg 768w\" alt=\"\" width=\"960\" height=\"640\" \/>Tendo como principal objectivo integrar social e desportivamente pessoas com defici\u00eancia ou com incapacidade, o InVolei promove a igualdade de oportunidades de participa\u00e7\u00e3o activa e de interven\u00e7\u00e3o de todos os cidad\u00e3os, possibilitando a ocupa\u00e7\u00e3o dos tempos livres atrav\u00e9s da pr\u00e1tica de uma modalidade colectiva que cultiva os valores c\u00edvicos, aumentando os n\u00edveis de integra\u00e7\u00e3o ps\u00edquica e social, bem como da qualidade de vida.<\/p>\n<p>Nesse sentido, urge integrar o InVolei como actividade regular e competitiva, possibilitando assim o surgimento de um novo enquadramento no movimento associativo e agilizando o processo de interac\u00e7\u00e3o entre as Institui\u00e7\u00f5es Particulares de Solidariedade Social (IPSS) e Organiza\u00e7\u00f5es N\u00e3o-Governamentais das Pessoas com Defici\u00eancia (ONGPD) e a Federa\u00e7\u00e3o Portuguesa de Voleibol (FPV).<\/p>\n<p>A Federa\u00e7\u00e3o Portuguesa de Voleibol ir\u00e1 desenvolver este projecto ao longo de 2025, iniciando a parte competitiva com a organiza\u00e7\u00e3o de encontros locais e regionais. Ver mais informa\u00e7\u00f5es\u00a0<a href=\"https:\/\/paravolei.fpvoleibol.pt\/wp\/involei\/involei-inscricoes\/\">AQUI<\/a><\/p>\n<p><span class=\"\"><img loading=\"lazy\" decoding=\"async\" class=\"wp-image-37842 alignleft tc-smart-loaded\" src=\"https:\/\/fpvoleibol.pt\/fpv\/wp-content\/uploads\/2025\/01\/INVOLEI_d2.jpg\" sizes=\"auto, (max-width: 183px) 100vw, 183px\" srcset=\"https:\/\/fpvoleibol.pt\/fpv\/wp-content\/uploads\/2025\/01\/INVOLEI_d2.jpg 803w, https:\/\/fpvoleibol.pt\/fpv\/wp-content\/uploads\/2025\/01\/INVOLEI_d2-203x300.jpg 203w, https:\/\/fpvoleibol.pt\/fpv\/wp-content\/uploads\/2025\/01\/INVOLEI_d2-694x1024.jpg 694w, https:\/\/fpvoleibol.pt\/fpv\/wp-content\/uploads\/2025\/01\/INVOLEI_d2-768x1132.jpg 768w\" alt=\"\" width=\"183\" height=\"270\" \/>Regulamento B\u00e1sico<\/span><\/p>\n<p>. Campeonato de InVolei \u2013 formado por equipas at\u00e9 6 elementos e com 4 jogadores em campo;<br \/>\n. Dimens\u00f5es do campo: 12m x 6m;<br \/>\n. Todos os atletas em campo t\u00eam de ser portadores de defici\u00eancia intelectual, devidamente comprovada por declara\u00e7\u00e3o m\u00e9dica.<br \/>\n. Os jogos ser\u00e3o disputados \u00e0 melhor de 3 ou 5 sets, dependendo do formato da competi\u00e7\u00e3o.<\/p>\n<p>Quem se pode candidatar\/inscrever?<\/p>\n<p>\u2022 Autarquias;<br \/>\n\u2022 Escolas;<br \/>\n\u2022 Institui\u00e7\u00f5es Particulares de Solidariedade Social (IPSS); Organiza\u00e7\u00f5es N\u00e3o-Governamentais das Pessoas com Defici\u00eancia (ONGPD);<br \/>\n\u2022 Estruturas desportivas e culturais;<br \/>\n\u2022 Organiza\u00e7\u00f5es dotadas de estatuto jur\u00eddico.<\/p>\n<p>Como se pode candidatar?<br \/>\nAtrav\u00e9s do preenchimento da ficha de candidatura e do seu posterior envio para a Federa\u00e7\u00e3o atrav\u00e9s do email\u00a0<a href=\"mailto:paravolei@federacaoportuguesavoleibol.pt\">paravolei@federacaoportuguesavoleibol.pt<\/a><\/p>\n","protected":false},"excerpt":{"rendered":"Viana do Castelo foi o palco de um momento hist\u00f3rico para o desporto adaptado nacional com a realiza\u00e7\u00e3o do I Encontro Nacional de \n<a class=\"moretag\" href=\"https:\/\/paravolei.fpvoleibol.pt\/wp\/i-encontro-nacional-de-involei-2\/\"> [...]<\/a>","protected":false},"author":1,"featured_media":796,"comment_status":"open","ping_status":"open","sticky":false,"template":"","format":"standard","meta":{"footnotes":""},"categories":[10],"tags":[16],"class_list":["post-794","post","type-post","status-publish","format-standard","has-post-thumbnail","hentry","category-paravolei","tag-involei"],"_links":{"self":[{"href":"https:\/\/paravolei.fpvoleibol.pt\/wp\/wp-json\/wp\/v2\/posts\/794","targetHints":{"allow":["GET"]}}],"collection":[{"href":"https:\/\/paravolei.fpvoleibol.pt\/wp\/wp-json\/wp\/v2\/posts"}],"about":[{"href":"https:\/\/paravolei.fpvoleibol.pt\/wp\/wp-json\/wp\/v2\/types\/post"}],"author":[{"embeddable":true,"href":"https:\/\/paravolei.fpvoleibol.pt\/wp\/wp-json\/wp\/v2\/users\/1"}],"replies":[{"embeddable":true,"href":"https:\/\/paravolei.fpvoleibol.pt\/wp\/wp-json\/wp\/v2\/comments?post=794"}],"version-history":[{"count":1,"href":"https:\/\/paravolei.fpvoleibol.pt\/wp\/wp-json\/wp\/v2\/posts\/794\/revisions"}],"predecessor-version":[{"id":804,"href":"https:\/\/paravolei.fpvoleibol.pt\/wp\/wp-json\/wp\/v2\/posts\/794\/revisions\/804"}],"wp:featuredmedia":[{"embeddable":true,"href":"https:\/\/paravolei.fpvoleibol.pt\/wp\/wp-json\/wp\/v2\/media\/796"}],"wp:attachment":[{"href":"https:\/\/paravolei.fpvoleibol.pt\/wp\/wp-json\/wp\/v2\/media?parent=794"}],"wp:term":[{"taxonomy":"category","embeddable":true,"href":"https:\/\/paravolei.fpvoleibol.pt\/wp\/wp-json\/wp\/v2\/categories?post=794"},{"taxonomy":"post_tag","embeddable":true,"href":"https:\/\/paravolei.fpvoleibol.pt\/wp\/wp-json\/wp\/v2\/tags?post=794"}],"curies":[{"name":"wp","href":"https:\/\/api.w.org\/{rel}","templated":true}]}}